{"id":22,"date":"2021-09-03T16:15:30","date_gmt":"2021-09-03T16:15:30","guid":{"rendered":"https:\/\/ossip.edu.ba\/?p=22"},"modified":"2021-11-04T19:38:36","modified_gmt":"2021-11-04T19:38:36","slug":"prvi-jedanaesti","status":"publish","type":"post","link":"https:\/\/ossip.edu.ba\/?p=22","title":{"rendered":"PRVI JEDANAESTI"},"content":{"rendered":"\r\n<p><\/p>\r\n\r\n\r\n\r\n<p>Zadnjeg augustovskog jutra dvije hiljadedvadesete prve skoro zavr\u0161enu zgradu \u0161kole na \u0160ipu posjetili su kantonalni premijer Edin Forto uz ministricu obrazovanja Naidu Hota Muminovi\u0107 i op\u0107inskog na\u010dalnika Sr\u0111ana Mandi\u0107a. \u0160kola je izgra\u0111na. Unutra ostalo jo\u0161 sitnijih radova. U toku priklju\u010dak kotlovnice i vanjsko ure\u0111enje. Osamnaest svijetlih u\u010dionica s izlazomna terase kao vanjske u\u010dionice, kabineti za nauku i umjetnost, bibljioteka s \u010ditaonicom i velika sportska sala zami\u0161ljene su i izvedene s idejomotvorenost i pristupa\u010dnosti.<\/p>\r\n\r\n\r\n\r\n<p>U februaru je ubrzana gradnja i op\u0107inski i kantonalni du\u017enosnici uradili su puno da nastava po\u010dne ove a ne idu\u0107e \u0161kolske godine. Poslije tehni\u010dkog prijema i administrativne procedure \u010dasovi \u0107e od prvog novembra.<\/p>\r\n\r\n\r\n\r\n<p>Damir Ov\u010dina<\/p>\r\n","protected":false},"excerpt":{"rendered":"<p>Zadnjeg augustovskog jutra dvije hiljadedvadesete prve skoro zavr\u0161enu zgradu \u0161kole na \u0160ipu posjetili su kantonalni premijer Edin Forto uz ministricu obrazovanja Naidu Hota Muminovi\u0107 i op\u0107inskog na\u010dalnika Sr\u0111ana Mandi\u0107a. \u0160kola je izgra\u0111na. Unutra ostalo jo\u0161 sitnijih radova. U toku priklju\u010dak kotlovnice i vanjsko ure\u0111enje. Osamnaest svijetlih u\u010dionica s izlazomna terase kao vanjske u\u010dionice, kabineti za [&hellip;]<\/p>\n","protected":false},"author":1,"featured_media":2029,"comment_status":"closed","ping_status":"open","sticky":false,"template":"","format":"standard","meta":{"footnotes":""},"categories":[1],"tags":[],"class_list":["post-22","post","type-post","status-publish","format-standard","has-post-thumbnail","hentry","category-novosti"],"jetpack_featured_media_url":"https:\/\/ossip.edu.ba\/wp-content\/uploads\/2021\/09\/osnovna_skola_Sip_Sarajevo_opcinacentar01.jpg","_links":{"self":[{"href":"https:\/\/ossip.edu.ba\/index.php?rest_route=\/wp\/v2\/posts\/22","targetHints":{"allow":["GET"]}}],"collection":[{"href":"https:\/\/ossip.edu.ba\/index.php?rest_route=\/wp\/v2\/posts"}],"about":[{"href":"https:\/\/ossip.edu.ba\/index.php?rest_route=\/wp\/v2\/types\/post"}],"author":[{"embeddable":true,"href":"https:\/\/ossip.edu.ba\/index.php?rest_route=\/wp\/v2\/users\/1"}],"replies":[{"embeddable":true,"href":"https:\/\/ossip.edu.ba\/index.php?rest_route=%2Fwp%2Fv2%2Fcomments&post=22"}],"version-history":[{"count":1,"href":"https:\/\/ossip.edu.ba\/index.php?rest_route=\/wp\/v2\/posts\/22\/revisions"}],"predecessor-version":[{"id":23,"href":"https:\/\/ossip.edu.ba\/index.php?rest_route=\/wp\/v2\/posts\/22\/revisions\/23"}],"wp:featuredmedia":[{"embeddable":true,"href":"https:\/\/ossip.edu.ba\/index.php?rest_route=\/wp\/v2\/media\/2029"}],"wp:attachment":[{"href":"https:\/\/ossip.edu.ba\/index.php?rest_route=%2Fwp%2Fv2%2Fmedia&parent=22"}],"wp:term":[{"taxonomy":"category","embeddable":true,"href":"https:\/\/ossip.edu.ba\/index.php?rest_route=%2Fwp%2Fv2%2Fcategories&post=22"},{"taxonomy":"post_tag","embeddable":true,"href":"https:\/\/ossip.edu.ba\/index.php?rest_route=%2Fwp%2Fv2%2Ftags&post=22"}],"curies":[{"name":"wp","href":"https:\/\/api.w.org\/{rel}","templated":true}]}}